{"id":2074,"date":"2025-04-10T11:27:42","date_gmt":"2025-04-10T11:27:42","guid":{"rendered":"https:\/\/www.lbeforum.org\/lebanese-environment-forum-launches-9th-traveling-exhibition-in-beirut-strategic-environmental-partnerships-strengthened\/"},"modified":"2025-05-27T12:09:14","modified_gmt":"2025-05-27T12:09:14","slug":"lebanese-environment-forum-launches-9th-traveling-exhibition-in-beirut-strategic-environmental-partnerships-strengthened","status":"publish","type":"post","link":"http:\/\/www.lbeforum.org\/fr\/lebanese-environment-forum-launches-9th-traveling-exhibition-in-beirut-strategic-environmental-partnerships-strengthened\/","title":{"rendered":"Le Forum Libanais pour l\u2019Environnement lance la 9e exposition itin\u00e9rante \u00e0 Beyrouth : des partenariats environnementaux strat\u00e9giques renforc\u00e9s."},"content":{"rendered":"<p data-start=\"0\" data-end=\"197\">Le Forum Libanais pour l\u2019Environnement (LEF) a organis\u00e9 sa 9e exposition itin\u00e9rante \u00e0 Beyrouth, en collaboration avec la Soci\u00e9t\u00e9 pour la Protection de la Nature au Liban (SPNL), sous le haut patronage de Son Excellence le Juge Marwan Abboud, Gouverneur de Beyrouth, et en coop\u00e9ration avec la Municipalit\u00e9 de Beyrouth.<br data-start=\"317\" data-end=\"320\" \/>Cet \u00e9v\u00e9nement environnemental de haut niveau s\u2019est tenu le mercredi 9 avril 2025, au Centre de formation de la Middle East Airlines \u00e0 Beyrouth. Il a mis en valeur deux projets ambitieux de biodiversit\u00e9 financ\u00e9s par l\u2019Union europ\u00e9enne et a \u00e9t\u00e9 marqu\u00e9 par la signature d\u2019un protocole d\u2019accord strat\u00e9gique entre les principales organisations environnementales du Liban.<\/p>\n<hr class=\"\" data-start=\"961\" data-end=\"964\" \/>\n<h2 data-start=\"966\" data-end=\"1017\"><a href=\"http:\/\/www.lbeforum.org\/wp-content\/uploads\/2025\/04\/SAVE-THE-DATE-300x169.jpg\"><img loading=\"lazy\" decoding=\"async\" class=\"wp-image-1451 aligncenter\" src=\"http:\/\/www.lbeforum.org\/wp-content\/uploads\/2025\/04\/SAVE-THE-DATE-300x169.jpg\" alt=\"\" width=\"479\" height=\"270\" srcset=\"http:\/\/www.lbeforum.org\/wp-content\/uploads\/2025\/04\/SAVE-THE-DATE-300x169.jpg 300w, http:\/\/www.lbeforum.org\/wp-content\/uploads\/2025\/04\/SAVE-THE-DATE-1024x576.jpg 1024w, http:\/\/www.lbeforum.org\/wp-content\/uploads\/2025\/04\/SAVE-THE-DATE-768x432.jpg 768w, http:\/\/www.lbeforum.org\/wp-content\/uploads\/2025\/04\/SAVE-THE-DATE-150x84.jpg 150w, http:\/\/www.lbeforum.org\/wp-content\/uploads\/2025\/04\/SAVE-THE-DATE-696x392.jpg 696w, http:\/\/www.lbeforum.org\/wp-content\/uploads\/2025\/04\/SAVE-THE-DATE-1068x601.jpg 1068w, http:\/\/www.lbeforum.org\/wp-content\/uploads\/2025\/04\/SAVE-THE-DATE.jpg 1280w\" sizes=\"auto, (max-width: 479px) 100vw, 479px\" \/><\/a><\/h2>\n<p data-start=\"0\" data-end=\"295\">Promotion de deux projets de biodiversit\u00e9 financ\u00e9s par l&rsquo;UE<br data-start=\"59\" data-end=\"62\" \/>Organis\u00e9 par le Forum Libanais pour l\u2019Environnement (LEF) et la Soci\u00e9t\u00e9 pour la Protection de la Nature au Liban (SPNL), le s\u00e9minaire et l\u2019exposition itin\u00e9rante ont pr\u00e9sent\u00e9 deux grandes initiatives financ\u00e9es par l\u2019Union europ\u00e9enne :<\/p>\n<p data-start=\"297\" data-end=\"523\">\u00ab Mener une campagne nationale fond\u00e9e sur des donn\u00e9es probantes par des acteurs non \u00e9tatiques en faveur d\u2019un r\u00e9seau de zones marines prot\u00e9g\u00e9es au Liban \u00bb \u2013 mise en \u0153uvre par le LEF en partenariat avec l\u2019Universit\u00e9 de Balamand.<\/p>\n<p data-start=\"525\" data-end=\"911\">\u00ab BIOCONNECT : Assurer une gestion et une gouvernance efficaces des sites d\u2019importance \u00e9cologique et \u00e9tendre la protection de la biodiversit\u00e9 dans le sud du Liban \u00bb \u2013 dirig\u00e9 par la Soci\u00e9t\u00e9 des C\u00e8dres de la R\u00e9serve de Shouf (ACS), en collaboration avec la SPNL, l\u2019Association pour la Communaut\u00e9 et l\u2019Environnement (ACE) et l\u2019Association pour le D\u00e9veloppement des Capacit\u00e9s Rurales (ADR).<\/p>\n<h2 data-start=\"1691\" data-end=\"1785\"><a href=\"http:\/\/www.lbeforum.org\/wp-content\/uploads\/2025\/04\/WhatsApp-Image-2025-04-10-at-11.23.28-AM-2-300x225.webp\"><img loading=\"lazy\" decoding=\"async\" class=\"alignnone wp-image-1453\" src=\"http:\/\/www.lbeforum.org\/wp-content\/uploads\/2025\/04\/WhatsApp-Image-2025-04-10-at-11.23.28-AM-2-300x225.webp\" alt=\"\" width=\"627\" height=\"470\" srcset=\"http:\/\/www.lbeforum.org\/wp-content\/uploads\/2025\/04\/WhatsApp-Image-2025-04-10-at-11.23.28-AM-2-300x225.webp 300w, http:\/\/www.lbeforum.org\/wp-content\/uploads\/2025\/04\/WhatsApp-Image-2025-04-10-at-11.23.28-AM-2-768x576.webp 768w, http:\/\/www.lbeforum.org\/wp-content\/uploads\/2025\/04\/WhatsApp-Image-2025-04-10-at-11.23.28-AM-2-150x113.webp 150w, http:\/\/www.lbeforum.org\/wp-content\/uploads\/2025\/04\/WhatsApp-Image-2025-04-10-at-11.23.28-AM-2-696x522.webp 696w, http:\/\/www.lbeforum.org\/wp-content\/uploads\/2025\/04\/WhatsApp-Image-2025-04-10-at-11.23.28-AM-2.webp 1024w\" sizes=\"auto, (max-width: 627px) 100vw, 627px\" \/><\/a><\/h2>\n<p data-start=\"0\" data-end=\"617\"><strong data-start=\"0\" data-end=\"104\">Le Gouverneur de Beyrouth annonce son engagement \u00e0 \u00e9tablir une r\u00e9serve marine Hima \u00e0 Ramlet al-Baida<\/strong><br data-start=\"104\" data-end=\"107\" \/>Dans un discours inaugural historique, le Gouverneur Marwan Abboud a r\u00e9affirm\u00e9 l\u2019engagement du gouvernorat de Beyrouth \u00e0 prot\u00e9ger le littoral de la ville en \u00e9tablissant une r\u00e9serve marine Hima sur la plage de Ramlet al-Baida \u2014 dernier rivage public de Beyrouth.<br data-start=\"368\" data-end=\"371\" \/>Cette d\u00e9signation sera int\u00e9gr\u00e9e au R\u00e9seau national des zones marines prot\u00e9g\u00e9es (MPA), contribuant directement aux engagements environnementaux internationaux du Liban, notamment l\u2019objectif 30\u00d730 de la Convention sur la diversit\u00e9 biologique (CDB).<\/p>\n<p data-start=\"619\" data-end=\"857\"><strong data-start=\"619\" data-end=\"704\">Le pr\u00e9sident du LEF appelle \u00e0 l\u2019unit\u00e9 et \u00e0 la science pour la conservation marine<\/strong><br data-start=\"704\" data-end=\"707\" \/>Dans son discours et sa pr\u00e9sentation, l\u2019ing\u00e9nieur Malek Ghandour, pr\u00e9sident du LEF, a soulign\u00e9 l\u2019urgence de prot\u00e9ger les \u00e9cosyst\u00e8mes marins du Liban :<\/p>\n<p data-start=\"859\" data-end=\"1108\">\u00ab Nos \u00e9cosyst\u00e8mes marins sont soumis \u00e0 des pressions croissantes et font face \u00e0 une grave d\u00e9gradation. Le Liban a d\u00e9clar\u00e9 trois zones marines prot\u00e9g\u00e9es, mais elles ne couvrent que 0,41 % de nos eaux \u2014 loin de l\u2019objectif mondial de 30 % d\u2019ici 2030. \u00bb<\/p>\n<p data-start=\"1110\" data-end=\"1399\"><strong data-start=\"1110\" data-end=\"1217\">Le Directeur g\u00e9n\u00e9ral de la SPNL met en lumi\u00e8re l\u2019approche Hima comme voie vers la paix et la protection<\/strong><br data-start=\"1217\" data-end=\"1220\" \/>M. Assad Serhal, Directeur g\u00e9n\u00e9ral de la SPNL, a prononc\u00e9 un discours inspirant et pr\u00e9sent\u00e9 l\u2019approche communautaire et holistique de son organisation en mati\u00e8re de conservation :<\/p>\n<p data-start=\"1401\" data-end=\"1664\">\u00ab \u00c0 la SPNL, nous croyons en la connexion entre les gens et la nature gr\u00e2ce \u00e0 l\u2019approche Hima, ancr\u00e9e dans la tradition. De deux villages \u2018Hima pour la paix\u2019, nous sommes pass\u00e9s \u00e0 huit communaut\u00e9s dynamiques engag\u00e9es pour la durabilit\u00e9, la paix et la tradition.<\/p>\n<p data-start=\"1666\" data-end=\"1862\">Plus de 4 500 \u00e9l\u00e8ves ont \u00e9t\u00e9 sensibilis\u00e9s gr\u00e2ce \u00e0 notre programme \u2018\u00c9cole sans murs\u2019, et plus de 6 500 visiteurs ont parcouru nos sentiers \u2018Droub Al Hima\u2019 \u2014 rendant l\u2019\u00e9ducation \u00e0 la nature vivante.<\/p>\n<p data-start=\"1864\" data-end=\"2060\">Nous soutenons les artisans \u00e0 travers le Souk Al Hima et les agriculteurs via les Fermes Hima. Notre unit\u00e9 anti-braconnage est active sur le terrain, prot\u00e9geant quotidiennement la faune libanaise.<\/p>\n<p data-start=\"2062\" data-end=\"2371\">Tout cela s\u2019inscrit dans une vision nationale commune : prot\u00e9ger 30 % de nos terres et mers d\u2019ici 2030. Le Parc naturel de la haute vall\u00e9e du fleuve Beyrouth est une \u00e9tape majeure vers cet objectif. Avec nos partenaires, nous concr\u00e9tisons cette vision \u2014 unissant conservation, moyens de subsistance et paix. \u00bb<\/p>\n<hr class=\"\" data-start=\"4442\" data-end=\"4445\" \/>\n<h2 data-start=\"4447\" data-end=\"4503\"><a href=\"http:\/\/www.lbeforum.org\/wp-content\/uploads\/2025\/04\/WhatsApp-Image-2025-04-10-at-11.25.26-AM-1-300x169.webp\"><img loading=\"lazy\" decoding=\"async\" class=\"alignnone wp-image-1454\" src=\"http:\/\/www.lbeforum.org\/wp-content\/uploads\/2025\/04\/WhatsApp-Image-2025-04-10-at-11.25.26-AM-1-300x169.webp\" alt=\"\" width=\"492\" height=\"277\" srcset=\"http:\/\/www.lbeforum.org\/wp-content\/uploads\/2025\/04\/WhatsApp-Image-2025-04-10-at-11.25.26-AM-1-300x169.webp 300w, http:\/\/www.lbeforum.org\/wp-content\/uploads\/2025\/04\/WhatsApp-Image-2025-04-10-at-11.25.26-AM-1-768x432.webp 768w, http:\/\/www.lbeforum.org\/wp-content\/uploads\/2025\/04\/WhatsApp-Image-2025-04-10-at-11.25.26-AM-1-150x84.webp 150w, http:\/\/www.lbeforum.org\/wp-content\/uploads\/2025\/04\/WhatsApp-Image-2025-04-10-at-11.25.26-AM-1-696x392.webp 696w, http:\/\/www.lbeforum.org\/wp-content\/uploads\/2025\/04\/WhatsApp-Image-2025-04-10-at-11.25.26-AM-1.webp 1024w\" sizes=\"auto, (max-width: 492px) 100vw, 492px\" \/><\/a><\/h2>\n<p data-start=\"0\" data-end=\"269\"><strong data-start=\"0\" data-end=\"88\">Signature du protocole d\u2019accord : une nouvelle \u00e8re de collaboration environnementale<\/strong><br data-start=\"88\" data-end=\"91\" \/>L\u2019\u00e9v\u00e9nement a culmin\u00e9 avec la signature d\u2019un protocole d\u2019accord strat\u00e9gique entre le LEF et la SPNL, repr\u00e9sent\u00e9s respectivement par l\u2019ing\u00e9nieur Malek Ghandour et M. Assad Serhal.<\/p>\n<p data-start=\"271\" data-end=\"328\">Ce protocole d\u00e9finit un partenariat de six ans visant \u00e0 :<\/p>\n<ul data-start=\"330\" data-end=\"836\">\n<li data-start=\"330\" data-end=\"409\">\n<p data-start=\"332\" data-end=\"409\">\u00c9tendre et connecter les zones prot\u00e9g\u00e9es et les corridors de biodiversit\u00e9 ;<\/p>\n<\/li>\n<li data-start=\"410\" data-end=\"527\">\n<p data-start=\"412\" data-end=\"527\">Augmenter le nombre de sites Hima et IBBA pour couvrir 8 % du territoire terrestre et marin du Liban d\u2019ici 2030 ;<\/p>\n<\/li>\n<li data-start=\"528\" data-end=\"620\">\n<p data-start=\"530\" data-end=\"620\">Lutter contre la chasse ill\u00e9gale, le braconnage et les pratiques de p\u00eache non durables ;<\/p>\n<\/li>\n<li data-start=\"621\" data-end=\"716\">\n<p data-start=\"623\" data-end=\"716\">Renforcer les communaut\u00e9s locales par l\u2019\u00e9ducation, l\u2019\u00e9cotourisme et l\u2019agriculture durable ;<\/p>\n<\/li>\n<li data-start=\"717\" data-end=\"836\">\n<p data-start=\"719\" data-end=\"836\">Aligner les efforts de conservation sur la Strat\u00e9gie pour la biodiversit\u00e9 du Liban et les engagements internationaux.<\/p>\n<\/li>\n<\/ul>\n<p data-start=\"838\" data-end=\"1033\">Un comit\u00e9 de mise en \u0153uvre conjoint sera \u00e9tabli pour suivre les progr\u00e8s, mobiliser les ressources et impliquer les acteurs nationaux, y compris les minist\u00e8res, municipalit\u00e9s et forces de l\u2019ordre.<\/p>\n<p data-start=\"1035\" data-end=\"1068\"><strong data-start=\"1035\" data-end=\"1068\">Mises \u00e0 jour et pr\u00e9sentations<\/strong><\/p>\n<p data-start=\"1070\" data-end=\"1407\"><strong data-start=\"1070\" data-end=\"1156\">Rebecca Baissari pr\u00e9sente les avanc\u00e9es du r\u00e9seau des aires marines prot\u00e9g\u00e9es (AMP)<\/strong><br data-start=\"1156\" data-end=\"1159\" \/>L\u2019ing\u00e9nieure environnementaliste Rebecca Baissari a expos\u00e9 les progr\u00e8s r\u00e9alis\u00e9s dans le cadre du R\u00e9seau national des AMP au Liban, en mettant en lumi\u00e8re les r\u00e9alisations, les d\u00e9fis et les \u00e9tapes \u00e0 venir. Sa pr\u00e9sentation a soulign\u00e9 l\u2019importance de :<\/p>\n<ul data-start=\"1409\" data-end=\"1794\">\n<li data-start=\"1409\" data-end=\"1479\">\n<p data-start=\"1411\" data-end=\"1479\">Renforcer les cadres institutionnels pour la conservation marine ;<\/p>\n<\/li>\n<li data-start=\"1480\" data-end=\"1549\">\n<p data-start=\"1482\" data-end=\"1549\">Accro\u00eetre le nombre d\u2019aires prot\u00e9g\u00e9es et am\u00e9liorer leur gestion ;<\/p>\n<\/li>\n<li data-start=\"1550\" data-end=\"1675\">\n<p data-start=\"1552\" data-end=\"1675\">Favoriser la collaboration entre le gouvernement, le monde universitaire, la soci\u00e9t\u00e9 civile et les communaut\u00e9s c\u00f4ti\u00e8res ;<\/p>\n<\/li>\n<li data-start=\"1676\" data-end=\"1794\">\n<p data-start=\"1678\" data-end=\"1794\">Souligner le r\u00f4le cl\u00e9 de Ramlet al-Baida comme site de protection en raison de son importance \u00e9cologique et sociale.<\/p>\n<\/li>\n<\/ul>\n<p data-start=\"1796\" data-end=\"2403\"><strong data-start=\"1796\" data-end=\"1859\">Pr\u00e9sentation de SWIM : Sustainable Waste Intercity Marathon<\/strong><br data-start=\"1859\" data-end=\"1862\" \/>Lisa Sofian a pr\u00e9sent\u00e9 une initiative novatrice d\u2019ONG : SWIM \u2013 Marathon Interurbain Durable sur les D\u00e9chets.<br data-start=\"1970\" data-end=\"1973\" \/>Cette campagne environnementale dynamique utilise le sport et la participation citoyenne pour sensibiliser \u00e0 la gestion des d\u00e9chets et au mode de vie durable dans les villes libanaises.<br data-start=\"2158\" data-end=\"2161\" \/>SWIM se veut un marathon \u00e9cologique \u00e0 l\u2019\u00e9chelle nationale, reliant les municipalit\u00e9s, les citoyens et les jeunes afin de promouvoir le changement de comportement, r\u00e9duire les d\u00e9chets urbains et encourager un mode de vie respectueux du climat.<\/p>\n<p data-start=\"2405\" data-end=\"2655\"><strong data-start=\"2405\" data-end=\"2473\">Clara Khoury pr\u00e9sente le travail du Coastal Forum (\u0645\u0646\u062a\u062f\u0649 \u0627\u0644\u0633\u0627\u062d\u0644)<\/strong><br data-start=\"2473\" data-end=\"2476\" \/>Repr\u00e9sentant le Coastal Forum, Clara Khoury a pr\u00e9sent\u00e9 les efforts en cours pour prot\u00e9ger le littoral libanais et promouvoir une gouvernance c\u00f4ti\u00e8re durable. Elle a mis en avant :<\/p>\n<ul data-start=\"2657\" data-end=\"3015\">\n<li data-start=\"2657\" data-end=\"2724\">\n<p data-start=\"2659\" data-end=\"2724\">Les initiatives d\u2019engagement communautaire le long de la c\u00f4te ;<\/p>\n<\/li>\n<li data-start=\"2725\" data-end=\"2815\">\n<p data-start=\"2727\" data-end=\"2815\">Les projets conjoints avec les municipalit\u00e9s pour pr\u00e9venir l\u2019\u00e9rosion et la pollution ;<\/p>\n<\/li>\n<li data-start=\"2816\" data-end=\"2876\">\n<p data-start=\"2818\" data-end=\"2876\">Le plaidoyer pour l\u2019acc\u00e8s public aux plages naturelles ;<\/p>\n<\/li>\n<li data-start=\"2877\" data-end=\"3015\">\n<p data-start=\"2879\" data-end=\"3015\">Le r\u00f4le du Forum dans l\u2019\u00e9laboration des politiques marines et c\u00f4ti\u00e8res via un dialogue entre soci\u00e9t\u00e9 civile, scientifiques et d\u00e9cideurs.<\/p>\n<\/li>\n<\/ul>\n<p data-start=\"3017\" data-end=\"3243\">Clara a soulign\u00e9 la mission du Forum : servir de plateforme inclusive de gestion du littoral, en coop\u00e9ration avec le LEF, la SPNL et les autorit\u00e9s locales pour pr\u00e9server l\u2019identit\u00e9 naturelle et culturelle du littoral libanais.<\/p>\n<p data-start=\"3245\" data-end=\"3436\"><strong data-start=\"3245\" data-end=\"3302\">Lina Sarkis pr\u00e9sente les progr\u00e8s du projet BIOCONNECT<\/strong><br data-start=\"3302\" data-end=\"3305\" \/>Repr\u00e9sentant la Soci\u00e9t\u00e9 des C\u00e8dres du Chouf (ACS), Lina Sarkis a mis en lumi\u00e8re les avanc\u00e9es du projet BIOCONNECT, notamment dans :<\/p>\n<ul data-start=\"3438\" data-end=\"3640\">\n<li data-start=\"3438\" data-end=\"3486\">\n<p data-start=\"3440\" data-end=\"3486\">La promotion de la connectivit\u00e9 \u00e9cologique ;<\/p>\n<\/li>\n<li data-start=\"3487\" data-end=\"3552\">\n<p data-start=\"3489\" data-end=\"3552\">Le renforcement de la gouvernance locale des sites prot\u00e9g\u00e9s ;<\/p>\n<\/li>\n<li data-start=\"3553\" data-end=\"3640\">\n<p data-start=\"3555\" data-end=\"3640\">L\u2019int\u00e9gration de la conservation dans le d\u00e9veloppement communautaire au sud du Liban.<\/p>\n<\/li>\n<\/ul>\n<p data-start=\"3642\" data-end=\"3659\">Elle a d\u00e9taill\u00e9 :<\/p>\n<ul data-start=\"3661\" data-end=\"4057\">\n<li data-start=\"3661\" data-end=\"3743\">\n<p data-start=\"3663\" data-end=\"3743\">Les efforts de gestion participative des Sites d\u2019Importance \u00c9cologique (SIE) ;<\/p>\n<\/li>\n<li data-start=\"3744\" data-end=\"3827\">\n<p data-start=\"3746\" data-end=\"3827\">L\u2019implication des femmes, des jeunes et des agriculteurs dans la conservation ;<\/p>\n<\/li>\n<li data-start=\"3828\" data-end=\"3964\">\n<p data-start=\"3830\" data-end=\"3964\">Les actions d\u2019expansion des zones prot\u00e9g\u00e9es, de restauration des \u00e9cosyst\u00e8mes d\u00e9grad\u00e9s et de pr\u00e9servation des zones de biodiversit\u00e9 ;<\/p>\n<\/li>\n<li data-start=\"3965\" data-end=\"4057\">\n<p data-start=\"3967\" data-end=\"4057\">L\u2019alignement de BIOCONNECT avec les objectifs nationaux de biodiversit\u00e9 et la cible 30\u00d730.<\/p>\n<\/li>\n<\/ul>\n<p data-start=\"4059\" data-end=\"4395\"><strong data-start=\"4059\" data-end=\"4145\">Bassima Khatib pr\u00e9sente l\u2019\u00e9volution des IBBAs vers les Himas et les parcs naturels<\/strong><br data-start=\"4145\" data-end=\"4148\" \/>Repr\u00e9sentant la SPNL, Bassima Khatib a livr\u00e9 une pr\u00e9sentation marquante retra\u00e7ant l\u2019\u00e9volution de l\u2019organisation, des zones importantes pour les oiseaux et la biodiversit\u00e9 (IBBA) vers un r\u00e9seau de sites communautaires de conservation appel\u00e9s Himas.<\/p>\n<p data-start=\"4397\" data-end=\"4699\">Elle a soulign\u00e9 l\u2019importance de fusionner la recherche scientifique avec le savoir traditionnel, illustrant comment la SPNL a raviv\u00e9 l\u2019approche Hima pour g\u00e9rer durablement les ressources naturelles, responsabiliser les communaut\u00e9s locales et allier protection de la biodiversit\u00e9 et patrimoine culturel.<\/p>\n<p data-start=\"4701\" data-end=\"4940\">Sa pr\u00e9sentation a aussi mis en lumi\u00e8re les efforts pour relier ces Himas \u00e0 des r\u00e9seaux d\u2019\u00e9cotourisme et de consolidation de la paix, contribuant au syst\u00e8me des parcs naturels du Liban et \u00e0 l\u2019atteinte des objectifs mondiaux de biodiversit\u00e9.<\/p>\n","protected":false},"excerpt":{"rendered":"<p>Le Forum Libanais pour l\u2019Environnement (LEF) a organis\u00e9 sa 9e exposition itin\u00e9rante \u00e0 Beyrouth, en collaboration avec la Soci\u00e9t\u00e9 pour la Protection de la Nature au Liban (SPNL), sous le haut patronage de Son Excellence le Juge Marwan Abboud, Gouverneur de Beyrouth, et en coop\u00e9ration avec la Municipalit\u00e9 de Beyrouth.Cet \u00e9v\u00e9nement environnemental de haut niveau [&hellip;]<\/p>\n","protected":false},"author":1,"featured_media":2053,"comment_status":"closed","ping_status":"open","sticky":false,"template":"","format":"standard","meta":{"footnotes":""},"categories":[548,540],"tags":[541,542,543,544],"class_list":{"0":"post-2074","1":"post","2":"type-post","3":"status-publish","4":"format-standard","5":"has-post-thumbnail","7":"category-mpas-fr","8":"category-projects-fr","9":"tag-first-fr","10":"tag-lef-fr","11":"tag-spnl-fr","12":"tag-unep-fr"},"yoast_head":"<!-- This site is optimized with the Yoast SEO plugin v25.2 - https:\/\/yoast.com\/wordpress\/plugins\/seo\/ -->\n<title>Le Forum Libanais pour l\u2019Environnement lance la 9e exposition itin\u00e9rante \u00e0 Beyrouth : des partenariats environnementaux strat\u00e9giques renforc\u00e9s. - Lebanese Environment Forum<\/title>\n<meta name=\"robots\" content=\"index, follow, max-snippet:-1, max-image-preview:large, max-video-preview:-1\" \/>\n<link rel=\"canonical\" href=\"http:\/\/www.lbeforum.org\/fr\/lebanese-environment-forum-launches-9th-traveling-exhibition-in-beirut-strategic-environmental-partnerships-strengthened\/\" \/>\n<meta property=\"og:locale\" content=\"fr_FR\" \/>\n<meta property=\"og:type\" content=\"article\" \/>\n<meta property=\"og:title\" content=\"Le Forum Libanais pour l\u2019Environnement lance la 9e exposition itin\u00e9rante \u00e0 Beyrouth : des partenariats environnementaux strat\u00e9giques renforc\u00e9s. - Lebanese Environment Forum\" \/>\n<meta property=\"og:description\" content=\"Le Forum Libanais pour l\u2019Environnement (LEF) a organis\u00e9 sa 9e exposition itin\u00e9rante \u00e0 Beyrouth, en collaboration avec la Soci\u00e9t\u00e9 pour la Protection de la Nature au Liban (SPNL), sous le haut patronage de Son Excellence le Juge Marwan Abboud, Gouverneur de Beyrouth, et en coop\u00e9ration avec la Municipalit\u00e9 de Beyrouth.Cet \u00e9v\u00e9nement environnemental de haut niveau [&hellip;]\" \/>\n<meta property=\"og:url\" content=\"http:\/\/www.lbeforum.org\/fr\/lebanese-environment-forum-launches-9th-traveling-exhibition-in-beirut-strategic-environmental-partnerships-strengthened\/\" \/>\n<meta property=\"og:site_name\" content=\"Lebanese Environment Forum\" \/>\n<meta property=\"article:publisher\" content=\"https:\/\/www.facebook.com\/lbeforum.org\" \/>\n<meta property=\"article:author\" content=\"https:\/\/www.facebook.com\/lbeforum.org\" \/>\n<meta property=\"article:published_time\" content=\"2025-04-10T11:27:42+00:00\" \/>\n<meta property=\"article:modified_time\" content=\"2025-05-27T12:09:14+00:00\" \/>\n<meta property=\"og:image\" content=\"http:\/\/www.lbeforum.org\/wp-content\/uploads\/2025\/04\/WhatsApp-Image-2025-04-10-at-11.25.26-AM-1.webp\" \/>\n\t<meta property=\"og:image:width\" content=\"1024\" \/>\n\t<meta property=\"og:image:height\" content=\"576\" \/>\n\t<meta property=\"og:image:type\" content=\"image\/webp\" \/>\n<meta name=\"author\" content=\"Lebanese Environment Forum\" \/>\n<meta name=\"twitter:card\" content=\"summary_large_image\" \/>\n<meta name=\"twitter:creator\" content=\"@lbeforum\" \/>\n<meta name=\"twitter:site\" content=\"@lbeforum\" \/>\n<meta name=\"twitter:label1\" content=\"\u00c9crit par\" \/>\n\t<meta name=\"twitter:data1\" content=\"Lebanese Environment Forum\" \/>\n\t<meta name=\"twitter:label2\" content=\"Dur\u00e9e de lecture estim\u00e9e\" \/>\n\t<meta name=\"twitter:data2\" content=\"7 minutes\" \/>\n<script type=\"application\/ld+json\" class=\"yoast-schema-graph\">{\"@context\":\"https:\/\/schema.org\",\"@graph\":[{\"@type\":\"Article\",\"@id\":\"http:\/\/www.lbeforum.org\/fr\/lebanese-environment-forum-launches-9th-traveling-exhibition-in-beirut-strategic-environmental-partnerships-strengthened\/#article\",\"isPartOf\":{\"@id\":\"http:\/\/www.lbeforum.org\/fr\/lebanese-environment-forum-launches-9th-traveling-exhibition-in-beirut-strategic-environmental-partnerships-strengthened\/\"},\"author\":{\"name\":\"Lebanese Environment Forum\",\"@id\":\"https:\/\/www.lbeforum.org\/fr\/#\/schema\/person\/fd74d9b2e11b6f88556e5d2be448c413\"},\"headline\":\"Le Forum Libanais pour l\u2019Environnement lance la 9e exposition itin\u00e9rante \u00e0 Beyrouth : des partenariats environnementaux strat\u00e9giques renforc\u00e9s.\",\"datePublished\":\"2025-04-10T11:27:42+00:00\",\"dateModified\":\"2025-05-27T12:09:14+00:00\",\"mainEntityOfPage\":{\"@id\":\"http:\/\/www.lbeforum.org\/fr\/lebanese-environment-forum-launches-9th-traveling-exhibition-in-beirut-strategic-environmental-partnerships-strengthened\/\"},\"wordCount\":1508,\"publisher\":{\"@id\":\"https:\/\/www.lbeforum.org\/fr\/#organization\"},\"image\":{\"@id\":\"http:\/\/www.lbeforum.org\/fr\/lebanese-environment-forum-launches-9th-traveling-exhibition-in-beirut-strategic-environmental-partnerships-strengthened\/#primaryimage\"},\"thumbnailUrl\":\"http:\/\/www.lbeforum.org\/wp-content\/uploads\/2025\/04\/WhatsApp-Image-2025-04-10-at-11.25.26-AM-1.webp\",\"keywords\":[\"First\",\"LEF\",\"SPNL\",\"UNEP\"],\"articleSection\":[\"MPAs\",\"Projets et Activit\u00e9s\"],\"inLanguage\":\"fr-FR\"},{\"@type\":\"WebPage\",\"@id\":\"http:\/\/www.lbeforum.org\/fr\/lebanese-environment-forum-launches-9th-traveling-exhibition-in-beirut-strategic-environmental-partnerships-strengthened\/\",\"url\":\"http:\/\/www.lbeforum.org\/fr\/lebanese-environment-forum-launches-9th-traveling-exhibition-in-beirut-strategic-environmental-partnerships-strengthened\/\",\"name\":\"Le Forum Libanais pour l\u2019Environnement lance la 9e exposition itin\u00e9rante \u00e0 Beyrouth : des partenariats environnementaux strat\u00e9giques renforc\u00e9s. - Lebanese Environment Forum\",\"isPartOf\":{\"@id\":\"https:\/\/www.lbeforum.org\/fr\/#website\"},\"primaryImageOfPage\":{\"@id\":\"http:\/\/www.lbeforum.org\/fr\/lebanese-environment-forum-launches-9th-traveling-exhibition-in-beirut-strategic-environmental-partnerships-strengthened\/#primaryimage\"},\"image\":{\"@id\":\"http:\/\/www.lbeforum.org\/fr\/lebanese-environment-forum-launches-9th-traveling-exhibition-in-beirut-strategic-environmental-partnerships-strengthened\/#primaryimage\"},\"thumbnailUrl\":\"http:\/\/www.lbeforum.org\/wp-content\/uploads\/2025\/04\/WhatsApp-Image-2025-04-10-at-11.25.26-AM-1.webp\",\"datePublished\":\"2025-04-10T11:27:42+00:00\",\"dateModified\":\"2025-05-27T12:09:14+00:00\",\"breadcrumb\":{\"@id\":\"http:\/\/www.lbeforum.org\/fr\/lebanese-environment-forum-launches-9th-traveling-exhibition-in-beirut-strategic-environmental-partnerships-strengthened\/#breadcrumb\"},\"inLanguage\":\"fr-FR\",\"potentialAction\":[{\"@type\":\"ReadAction\",\"target\":[\"http:\/\/www.lbeforum.org\/fr\/lebanese-environment-forum-launches-9th-traveling-exhibition-in-beirut-strategic-environmental-partnerships-strengthened\/\"]}]},{\"@type\":\"ImageObject\",\"inLanguage\":\"fr-FR\",\"@id\":\"http:\/\/www.lbeforum.org\/fr\/lebanese-environment-forum-launches-9th-traveling-exhibition-in-beirut-strategic-environmental-partnerships-strengthened\/#primaryimage\",\"url\":\"http:\/\/www.lbeforum.org\/wp-content\/uploads\/2025\/04\/WhatsApp-Image-2025-04-10-at-11.25.26-AM-1.webp\",\"contentUrl\":\"http:\/\/www.lbeforum.org\/wp-content\/uploads\/2025\/04\/WhatsApp-Image-2025-04-10-at-11.25.26-AM-1.webp\",\"width\":1024,\"height\":576},{\"@type\":\"BreadcrumbList\",\"@id\":\"http:\/\/www.lbeforum.org\/fr\/lebanese-environment-forum-launches-9th-traveling-exhibition-in-beirut-strategic-environmental-partnerships-strengthened\/#breadcrumb\",\"itemListElement\":[{\"@type\":\"ListItem\",\"position\":1,\"name\":\"Home\",\"item\":\"https:\/\/www.lbeforum.org\/fr\/\"},{\"@type\":\"ListItem\",\"position\":2,\"name\":\"Le Forum Libanais pour l\u2019Environnement lance la 9e exposition itin\u00e9rante \u00e0 Beyrouth : des partenariats environnementaux strat\u00e9giques renforc\u00e9s.\"}]},{\"@type\":\"WebSite\",\"@id\":\"https:\/\/www.lbeforum.org\/fr\/#website\",\"url\":\"https:\/\/www.lbeforum.org\/fr\/\",\"name\":\"Lebanese Environment Forum\",\"description\":\"Uniting for a Greener Lebanon\",\"publisher\":{\"@id\":\"https:\/\/www.lbeforum.org\/fr\/#organization\"},\"potentialAction\":[{\"@type\":\"SearchAction\",\"target\":{\"@type\":\"EntryPoint\",\"urlTemplate\":\"https:\/\/www.lbeforum.org\/fr\/?s={search_term_string}\"},\"query-input\":{\"@type\":\"PropertyValueSpecification\",\"valueRequired\":true,\"valueName\":\"search_term_string\"}}],\"inLanguage\":\"fr-FR\"},{\"@type\":\"Organization\",\"@id\":\"https:\/\/www.lbeforum.org\/fr\/#organization\",\"name\":\"Lebanese Environment Forum\",\"url\":\"https:\/\/www.lbeforum.org\/fr\/\",\"logo\":{\"@type\":\"ImageObject\",\"inLanguage\":\"fr-FR\",\"@id\":\"https:\/\/www.lbeforum.org\/fr\/#\/schema\/logo\/image\/\",\"url\":\"https:\/\/www.lbeforum.org\/wp-content\/uploads\/2013\/03\/LEF-LOGO.png\",\"contentUrl\":\"https:\/\/www.lbeforum.org\/wp-content\/uploads\/2013\/03\/LEF-LOGO.png\",\"width\":150,\"height\":150,\"caption\":\"Lebanese Environment Forum\"},\"image\":{\"@id\":\"https:\/\/www.lbeforum.org\/fr\/#\/schema\/logo\/image\/\"},\"sameAs\":[\"https:\/\/www.facebook.com\/lbeforum.org\",\"https:\/\/x.com\/lbeforum\",\"https:\/\/www.linkedin.com\/in\/lbeforum\/\",\"https:\/\/www.youtube.com\/user\/lbeforum\"]},{\"@type\":\"Person\",\"@id\":\"https:\/\/www.lbeforum.org\/fr\/#\/schema\/person\/fd74d9b2e11b6f88556e5d2be448c413\",\"name\":\"Lebanese Environment Forum\",\"image\":{\"@type\":\"ImageObject\",\"inLanguage\":\"fr-FR\",\"@id\":\"https:\/\/www.lbeforum.org\/fr\/#\/schema\/person\/image\/\",\"url\":\"https:\/\/secure.gravatar.com\/avatar\/83a25a5fb8c1df49fb9bd765370ec600fc212b76371f4f514980e59cebdf134b?s=96&r=g\",\"contentUrl\":\"https:\/\/secure.gravatar.com\/avatar\/83a25a5fb8c1df49fb9bd765370ec600fc212b76371f4f514980e59cebdf134b?s=96&r=g\",\"caption\":\"Lebanese Environment Forum\"},\"sameAs\":[\"https:\/\/www.facebook.com\/lbeforum.org\",\"https:\/\/x.com\/lbeforum\",\"https:\/\/www.youtube.com\/user\/lbeforum\"],\"url\":\"http:\/\/www.lbeforum.org\/fr\/author\/admin\/\"}]}<\/script>\n<!-- \/ Yoast SEO plugin. -->","yoast_head_json":{"title":"Le Forum Libanais pour l\u2019Environnement lance la 9e exposition itin\u00e9rante \u00e0 Beyrouth : des partenariats environnementaux strat\u00e9giques renforc\u00e9s. - Lebanese Environment Forum","robots":{"index":"index","follow":"follow","max-snippet":"max-snippet:-1","max-image-preview":"max-image-preview:large","max-video-preview":"max-video-preview:-1"},"canonical":"http:\/\/www.lbeforum.org\/fr\/lebanese-environment-forum-launches-9th-traveling-exhibition-in-beirut-strategic-environmental-partnerships-strengthened\/","og_locale":"fr_FR","og_type":"article","og_title":"Le Forum Libanais pour l\u2019Environnement lance la 9e exposition itin\u00e9rante \u00e0 Beyrouth : des partenariats environnementaux strat\u00e9giques renforc\u00e9s. - Lebanese Environment Forum","og_description":"Le Forum Libanais pour l\u2019Environnement (LEF) a organis\u00e9 sa 9e exposition itin\u00e9rante \u00e0 Beyrouth, en collaboration avec la Soci\u00e9t\u00e9 pour la Protection de la Nature au Liban (SPNL), sous le haut patronage de Son Excellence le Juge Marwan Abboud, Gouverneur de Beyrouth, et en coop\u00e9ration avec la Municipalit\u00e9 de Beyrouth.Cet \u00e9v\u00e9nement environnemental de haut niveau [&hellip;]","og_url":"http:\/\/www.lbeforum.org\/fr\/lebanese-environment-forum-launches-9th-traveling-exhibition-in-beirut-strategic-environmental-partnerships-strengthened\/","og_site_name":"Lebanese Environment Forum","article_publisher":"https:\/\/www.facebook.com\/lbeforum.org","article_author":"https:\/\/www.facebook.com\/lbeforum.org","article_published_time":"2025-04-10T11:27:42+00:00","article_modified_time":"2025-05-27T12:09:14+00:00","og_image":[{"width":1024,"height":576,"url":"http:\/\/www.lbeforum.org\/wp-content\/uploads\/2025\/04\/WhatsApp-Image-2025-04-10-at-11.25.26-AM-1.webp","type":"image\/webp"}],"author":"Lebanese Environment Forum","twitter_card":"summary_large_image","twitter_creator":"@lbeforum","twitter_site":"@lbeforum","twitter_misc":{"\u00c9crit par":"Lebanese Environment Forum","Dur\u00e9e de lecture estim\u00e9e":"7 minutes"},"schema":{"@context":"https:\/\/schema.org","@graph":[{"@type":"Article","@id":"http:\/\/www.lbeforum.org\/fr\/lebanese-environment-forum-launches-9th-traveling-exhibition-in-beirut-strategic-environmental-partnerships-strengthened\/#article","isPartOf":{"@id":"http:\/\/www.lbeforum.org\/fr\/lebanese-environment-forum-launches-9th-traveling-exhibition-in-beirut-strategic-environmental-partnerships-strengthened\/"},"author":{"name":"Lebanese Environment Forum","@id":"https:\/\/www.lbeforum.org\/fr\/#\/schema\/person\/fd74d9b2e11b6f88556e5d2be448c413"},"headline":"Le Forum Libanais pour l\u2019Environnement lance la 9e exposition itin\u00e9rante \u00e0 Beyrouth : des partenariats environnementaux strat\u00e9giques renforc\u00e9s.","datePublished":"2025-04-10T11:27:42+00:00","dateModified":"2025-05-27T12:09:14+00:00","mainEntityOfPage":{"@id":"http:\/\/www.lbeforum.org\/fr\/lebanese-environment-forum-launches-9th-traveling-exhibition-in-beirut-strategic-environmental-partnerships-strengthened\/"},"wordCount":1508,"publisher":{"@id":"https:\/\/www.lbeforum.org\/fr\/#organization"},"image":{"@id":"http:\/\/www.lbeforum.org\/fr\/lebanese-environment-forum-launches-9th-traveling-exhibition-in-beirut-strategic-environmental-partnerships-strengthened\/#primaryimage"},"thumbnailUrl":"http:\/\/www.lbeforum.org\/wp-content\/uploads\/2025\/04\/WhatsApp-Image-2025-04-10-at-11.25.26-AM-1.webp","keywords":["First","LEF","SPNL","UNEP"],"articleSection":["MPAs","Projets et Activit\u00e9s"],"inLanguage":"fr-FR"},{"@type":"WebPage","@id":"http:\/\/www.lbeforum.org\/fr\/lebanese-environment-forum-launches-9th-traveling-exhibition-in-beirut-strategic-environmental-partnerships-strengthened\/","url":"http:\/\/www.lbeforum.org\/fr\/lebanese-environment-forum-launches-9th-traveling-exhibition-in-beirut-strategic-environmental-partnerships-strengthened\/","name":"Le Forum Libanais pour l\u2019Environnement lance la 9e exposition itin\u00e9rante \u00e0 Beyrouth : des partenariats environnementaux strat\u00e9giques renforc\u00e9s. - Lebanese Environment Forum","isPartOf":{"@id":"https:\/\/www.lbeforum.org\/fr\/#website"},"primaryImageOfPage":{"@id":"http:\/\/www.lbeforum.org\/fr\/lebanese-environment-forum-launches-9th-traveling-exhibition-in-beirut-strategic-environmental-partnerships-strengthened\/#primaryimage"},"image":{"@id":"http:\/\/www.lbeforum.org\/fr\/lebanese-environment-forum-launches-9th-traveling-exhibition-in-beirut-strategic-environmental-partnerships-strengthened\/#primaryimage"},"thumbnailUrl":"http:\/\/www.lbeforum.org\/wp-content\/uploads\/2025\/04\/WhatsApp-Image-2025-04-10-at-11.25.26-AM-1.webp","datePublished":"2025-04-10T11:27:42+00:00","dateModified":"2025-05-27T12:09:14+00:00","breadcrumb":{"@id":"http:\/\/www.lbeforum.org\/fr\/lebanese-environment-forum-launches-9th-traveling-exhibition-in-beirut-strategic-environmental-partnerships-strengthened\/#breadcrumb"},"inLanguage":"fr-FR","potentialAction":[{"@type":"ReadAction","target":["http:\/\/www.lbeforum.org\/fr\/lebanese-environment-forum-launches-9th-traveling-exhibition-in-beirut-strategic-environmental-partnerships-strengthened\/"]}]},{"@type":"ImageObject","inLanguage":"fr-FR","@id":"http:\/\/www.lbeforum.org\/fr\/lebanese-environment-forum-launches-9th-traveling-exhibition-in-beirut-strategic-environmental-partnerships-strengthened\/#primaryimage","url":"http:\/\/www.lbeforum.org\/wp-content\/uploads\/2025\/04\/WhatsApp-Image-2025-04-10-at-11.25.26-AM-1.webp","contentUrl":"http:\/\/www.lbeforum.org\/wp-content\/uploads\/2025\/04\/WhatsApp-Image-2025-04-10-at-11.25.26-AM-1.webp","width":1024,"height":576},{"@type":"BreadcrumbList","@id":"http:\/\/www.lbeforum.org\/fr\/lebanese-environment-forum-launches-9th-traveling-exhibition-in-beirut-strategic-environmental-partnerships-strengthened\/#breadcrumb","itemListElement":[{"@type":"ListItem","position":1,"name":"Home","item":"https:\/\/www.lbeforum.org\/fr\/"},{"@type":"ListItem","position":2,"name":"Le Forum Libanais pour l\u2019Environnement lance la 9e exposition itin\u00e9rante \u00e0 Beyrouth : des partenariats environnementaux strat\u00e9giques renforc\u00e9s."}]},{"@type":"WebSite","@id":"https:\/\/www.lbeforum.org\/fr\/#website","url":"https:\/\/www.lbeforum.org\/fr\/","name":"Lebanese Environment Forum","description":"Uniting for a Greener Lebanon","publisher":{"@id":"https:\/\/www.lbeforum.org\/fr\/#organization"},"potentialAction":[{"@type":"SearchAction","target":{"@type":"EntryPoint","urlTemplate":"https:\/\/www.lbeforum.org\/fr\/?s={search_term_string}"},"query-input":{"@type":"PropertyValueSpecification","valueRequired":true,"valueName":"search_term_string"}}],"inLanguage":"fr-FR"},{"@type":"Organization","@id":"https:\/\/www.lbeforum.org\/fr\/#organization","name":"Lebanese Environment Forum","url":"https:\/\/www.lbeforum.org\/fr\/","logo":{"@type":"ImageObject","inLanguage":"fr-FR","@id":"https:\/\/www.lbeforum.org\/fr\/#\/schema\/logo\/image\/","url":"https:\/\/www.lbeforum.org\/wp-content\/uploads\/2013\/03\/LEF-LOGO.png","contentUrl":"https:\/\/www.lbeforum.org\/wp-content\/uploads\/2013\/03\/LEF-LOGO.png","width":150,"height":150,"caption":"Lebanese Environment Forum"},"image":{"@id":"https:\/\/www.lbeforum.org\/fr\/#\/schema\/logo\/image\/"},"sameAs":["https:\/\/www.facebook.com\/lbeforum.org","https:\/\/x.com\/lbeforum","https:\/\/www.linkedin.com\/in\/lbeforum\/","https:\/\/www.youtube.com\/user\/lbeforum"]},{"@type":"Person","@id":"https:\/\/www.lbeforum.org\/fr\/#\/schema\/person\/fd74d9b2e11b6f88556e5d2be448c413","name":"Lebanese Environment Forum","image":{"@type":"ImageObject","inLanguage":"fr-FR","@id":"https:\/\/www.lbeforum.org\/fr\/#\/schema\/person\/image\/","url":"https:\/\/secure.gravatar.com\/avatar\/83a25a5fb8c1df49fb9bd765370ec600fc212b76371f4f514980e59cebdf134b?s=96&r=g","contentUrl":"https:\/\/secure.gravatar.com\/avatar\/83a25a5fb8c1df49fb9bd765370ec600fc212b76371f4f514980e59cebdf134b?s=96&r=g","caption":"Lebanese Environment Forum"},"sameAs":["https:\/\/www.facebook.com\/lbeforum.org","https:\/\/x.com\/lbeforum","https:\/\/www.youtube.com\/user\/lbeforum"],"url":"http:\/\/www.lbeforum.org\/fr\/author\/admin\/"}]}},"_links":{"self":[{"href":"http:\/\/www.lbeforum.org\/fr\/wp-json\/wp\/v2\/posts\/2074","targetHints":{"allow":["GET"]}}],"collection":[{"href":"http:\/\/www.lbeforum.org\/fr\/wp-json\/wp\/v2\/posts"}],"about":[{"href":"http:\/\/www.lbeforum.org\/fr\/wp-json\/wp\/v2\/types\/post"}],"author":[{"embeddable":true,"href":"http:\/\/www.lbeforum.org\/fr\/wp-json\/wp\/v2\/users\/1"}],"replies":[{"embeddable":true,"href":"http:\/\/www.lbeforum.org\/fr\/wp-json\/wp\/v2\/comments?post=2074"}],"version-history":[{"count":2,"href":"http:\/\/www.lbeforum.org\/fr\/wp-json\/wp\/v2\/posts\/2074\/revisions"}],"predecessor-version":[{"id":2076,"href":"http:\/\/www.lbeforum.org\/fr\/wp-json\/wp\/v2\/posts\/2074\/revisions\/2076"}],"wp:featuredmedia":[{"embeddable":true,"href":"http:\/\/www.lbeforum.org\/fr\/wp-json\/wp\/v2\/media\/2053"}],"wp:attachment":[{"href":"http:\/\/www.lbeforum.org\/fr\/wp-json\/wp\/v2\/media?parent=2074"}],"wp:term":[{"taxonomy":"category","embeddable":true,"href":"http:\/\/www.lbeforum.org\/fr\/wp-json\/wp\/v2\/categories?post=2074"},{"taxonomy":"post_tag","embeddable":true,"href":"http:\/\/www.lbeforum.org\/fr\/wp-json\/wp\/v2\/tags?post=2074"}],"curies":[{"name":"wp","href":"https:\/\/api.w.org\/{rel}","templated":true}]}}