{"id":2145,"date":"2022-11-01T06:30:42","date_gmt":"2022-11-01T06:30:42","guid":{"rendered":"https:\/\/www.lbeforum.org\/preparatory-meeting-for-the-launch-of-the-national-marine-protected-areas-campaign-in-lebanon\/"},"modified":"2025-05-31T07:03:01","modified_gmt":"2025-05-31T07:03:01","slug":"preparatory-meeting-for-the-launch-of-the-national-marine-protected-areas-campaign-in-lebanon","status":"publish","type":"post","link":"http:\/\/www.lbeforum.org\/fr\/preparatory-meeting-for-the-launch-of-the-national-marine-protected-areas-campaign-in-lebanon\/","title":{"rendered":"R\u00e9union pr\u00e9paratoire pour le lancement de la campagne nationale sur les aires marines prot\u00e9g\u00e9es au Liban"},"content":{"rendered":"<p data-start=\"269\" data-end=\"804\">Dans une d\u00e9marche importante visant \u00e0 pr\u00e9server l\u2019environnement marin libanais et \u00e0 promouvoir une gouvernance environnementale participative, une r\u00e9union pr\u00e9paratoire a \u00e9t\u00e9 organis\u00e9e au si\u00e8ge du <strong data-start=\"465\" data-end=\"504\">Forum Libanais pour l\u2019Environnement<\/strong> afin de lancer officiellement la <strong data-start=\"538\" data-end=\"593\">campagne nationale pour les aires marines prot\u00e9g\u00e9es<\/strong>. Cet \u00e9v\u00e9nement a r\u00e9uni un large \u00e9ventail de parties prenantes, dont des repr\u00e9sentants d\u2019institutions acad\u00e9miques, d\u2019ONG environnementales, d\u2019experts marins, ainsi que des partenaires du secteur public et priv\u00e9.<\/p>\n<p data-start=\"269\" data-end=\"804\"><a href=\"http:\/\/www.lbeforum.org\/wp-content\/uploads\/2025\/05\/2-6.jpg\"><img loading=\"lazy\" decoding=\"async\" class=\"aligncenter size-full wp-image-2133\" src=\"http:\/\/www.lbeforum.org\/wp-content\/uploads\/2025\/05\/2-6.jpg\" alt=\"\" width=\"627\" height=\"418\" srcset=\"http:\/\/www.lbeforum.org\/wp-content\/uploads\/2025\/05\/2-6.jpg 627w, http:\/\/www.lbeforum.org\/wp-content\/uploads\/2025\/05\/2-6-300x200.jpg 300w, http:\/\/www.lbeforum.org\/wp-content\/uploads\/2025\/05\/2-6-150x100.jpg 150w\" sizes=\"auto, (max-width: 627px) 100vw, 627px\" \/><\/a><\/p>\n<p data-start=\"806\" data-end=\"1290\">Cette campagne s\u2019inscrit dans le cadre du projet <strong data-start=\"855\" data-end=\"906\">\u00ab R\u00e9seau des aires marines prot\u00e9g\u00e9es au Liban \u00bb<\/strong>, mis en \u0153uvre par le <strong data-start=\"928\" data-end=\"967\">Forum Libanais pour l\u2019Environnement<\/strong>, en partenariat avec l\u2019<strong data-start=\"991\" data-end=\"1017\">Universit\u00e9 de Balamand<\/strong> et avec le soutien g\u00e9n\u00e9reux de <strong data-start=\"1049\" data-end=\"1071\">l\u2019Union europ\u00e9enne<\/strong>. L\u2019objectif du projet est de pr\u00e9server les sites c\u00f4tiers et marins encore intacts sur le littoral libanais, en assurant la conservation des ressources naturelles et la protection du patrimoine \u00e9cologique marin du pays.<\/p>\n<p data-start=\"806\" data-end=\"1290\"><a href=\"http:\/\/www.lbeforum.org\/wp-content\/uploads\/2025\/05\/3-6-scaled-1-1024x682.jpg\"><img loading=\"lazy\" decoding=\"async\" class=\"aligncenter size-large wp-image-2136\" src=\"http:\/\/www.lbeforum.org\/wp-content\/uploads\/2025\/05\/3-6-scaled-1-1024x682.jpg\" alt=\"\" width=\"696\" height=\"464\" srcset=\"http:\/\/www.lbeforum.org\/wp-content\/uploads\/2025\/05\/3-6-scaled-1-1024x682.jpg 1024w, http:\/\/www.lbeforum.org\/wp-content\/uploads\/2025\/05\/3-6-scaled-1-300x200.jpg 300w, http:\/\/www.lbeforum.org\/wp-content\/uploads\/2025\/05\/3-6-scaled-1-768x512.jpg 768w, http:\/\/www.lbeforum.org\/wp-content\/uploads\/2025\/05\/3-6-scaled-1-1536x1024.jpg 1536w, http:\/\/www.lbeforum.org\/wp-content\/uploads\/2025\/05\/3-6-scaled-1-150x100.jpg 150w, http:\/\/www.lbeforum.org\/wp-content\/uploads\/2025\/05\/3-6-scaled-1-696x464.jpg 696w, http:\/\/www.lbeforum.org\/wp-content\/uploads\/2025\/05\/3-6-scaled-1-1068x712.jpg 1068w, http:\/\/www.lbeforum.org\/wp-content\/uploads\/2025\/05\/3-6-scaled-1-1920x1280.jpg 1920w, http:\/\/www.lbeforum.org\/wp-content\/uploads\/2025\/05\/3-6-scaled-1.jpg 2000w\" sizes=\"auto, (max-width: 696px) 100vw, 696px\" \/><\/a><\/p>\n<p data-start=\"1292\" data-end=\"1829\">L\u2019\u00e9quipe de travail a pr\u00e9sent\u00e9 un cadre d\u00e9taill\u00e9 de la campagne, incluant ses principes directeurs, ses objectifs strat\u00e9giques, ainsi que les m\u00e9canismes de mise en \u0153uvre propos\u00e9s. Il a \u00e9t\u00e9 soulign\u00e9 que la campagne adoptera une approche participative, fond\u00e9e sur le dialogue inclusif et la coop\u00e9ration, tout en utilisant des moyens l\u00e9gitimes de plaidoyer, de pression citoyenne et de mobilisation aupr\u00e8s des d\u00e9cideurs afin d\u2019adopter des lois et r\u00e8glements efficaces pour la protection des zones marines et la gestion int\u00e9gr\u00e9e du littoral.<\/p>\n<p data-start=\"1831\" data-end=\"2114\">Les participants ont \u00e9chang\u00e9 des id\u00e9es, partag\u00e9 leurs exp\u00e9riences et affirm\u00e9 leur engagement en faveur de cette campagne. Ils ont convenu de constituer un noyau fondateur capable d\u2019\u00e9largir la base de soutien en mobilisant d&rsquo;autres parties prenantes, sympathisants et acteurs engag\u00e9s.<\/p>\n<p data-start=\"2116\" data-end=\"2483\">En conclusion, il a \u00e9t\u00e9 annonc\u00e9 que le <strong data-start=\"2155\" data-end=\"2194\">Forum Libanais pour l\u2019Environnement<\/strong> assurera la coordination g\u00e9n\u00e9rale de la campagne, notamment la gestion de la communication participative avec les membres, la couverture m\u00e9diatique et la diffusion d\u2019informations, ainsi que l\u2019organisation d\u2019activit\u00e9s et d\u2019\u00e9v\u00e9nements en lien avec les objectifs strat\u00e9giques de la campagne.<\/p>\n<p data-start=\"2485\" data-end=\"2711\">Cette initiative repr\u00e9sente une opportunit\u00e9 nationale sans pr\u00e9c\u00e9dent pour garantir un avenir environnemental durable au milieu marin libanais, tout en ancrant l\u2019int\u00e9r\u00eat public environnemental au c\u0153ur des politiques nationales.<\/p>\n","protected":false},"excerpt":{"rendered":"<p>Dans une d\u00e9marche importante visant \u00e0 pr\u00e9server l\u2019environnement marin libanais et \u00e0 promouvoir une gouvernance environnementale participative, une r\u00e9union pr\u00e9paratoire a \u00e9t\u00e9 organis\u00e9e au si\u00e8ge du Forum Libanais pour l\u2019Environnement afin de lancer officiellement la campagne nationale pour les aires marines prot\u00e9g\u00e9es. Cet \u00e9v\u00e9nement a r\u00e9uni un large \u00e9ventail de parties prenantes, dont des repr\u00e9sentants [&hellip;]<\/p>\n","protected":false},"author":1,"featured_media":2130,"comment_status":"closed","ping_status":"open","sticky":false,"template":"","format":"standard","meta":{"footnotes":""},"categories":[548,540],"tags":[],"class_list":{"0":"post-2145","1":"post","2":"type-post","3":"status-publish","4":"format-standard","5":"has-post-thumbnail","7":"category-mpas-fr","8":"category-projects-fr"},"yoast_head":"<!-- This site is optimized with the Yoast SEO plugin v25.2 - https:\/\/yoast.com\/wordpress\/plugins\/seo\/ -->\n<title>R\u00e9union pr\u00e9paratoire pour le lancement de la campagne nationale sur les aires marines prot\u00e9g\u00e9es au Liban - Lebanese Environment Forum<\/title>\n<meta name=\"robots\" content=\"index, follow, max-snippet:-1, max-image-preview:large, max-video-preview:-1\" \/>\n<link rel=\"canonical\" href=\"http:\/\/www.lbeforum.org\/fr\/preparatory-meeting-for-the-launch-of-the-national-marine-protected-areas-campaign-in-lebanon\/\" \/>\n<meta property=\"og:locale\" content=\"fr_FR\" \/>\n<meta property=\"og:type\" content=\"article\" \/>\n<meta property=\"og:title\" content=\"R\u00e9union pr\u00e9paratoire pour le lancement de la campagne nationale sur les aires marines prot\u00e9g\u00e9es au Liban - Lebanese Environment Forum\" \/>\n<meta property=\"og:description\" content=\"Dans une d\u00e9marche importante visant \u00e0 pr\u00e9server l\u2019environnement marin libanais et \u00e0 promouvoir une gouvernance environnementale participative, une r\u00e9union pr\u00e9paratoire a \u00e9t\u00e9 organis\u00e9e au si\u00e8ge du Forum Libanais pour l\u2019Environnement afin de lancer officiellement la campagne nationale pour les aires marines prot\u00e9g\u00e9es. Cet \u00e9v\u00e9nement a r\u00e9uni un large \u00e9ventail de parties prenantes, dont des repr\u00e9sentants [&hellip;]\" \/>\n<meta property=\"og:url\" content=\"http:\/\/www.lbeforum.org\/fr\/preparatory-meeting-for-the-launch-of-the-national-marine-protected-areas-campaign-in-lebanon\/\" \/>\n<meta property=\"og:site_name\" content=\"Lebanese Environment Forum\" \/>\n<meta property=\"article:publisher\" content=\"https:\/\/www.facebook.com\/lbeforum.org\" \/>\n<meta property=\"article:author\" content=\"https:\/\/www.facebook.com\/lbeforum.org\" \/>\n<meta property=\"article:published_time\" content=\"2022-11-01T06:30:42+00:00\" \/>\n<meta property=\"article:modified_time\" content=\"2025-05-31T07:03:01+00:00\" \/>\n<meta property=\"og:image\" content=\"http:\/\/www.lbeforum.org\/wp-content\/uploads\/2025\/05\/1-6-scaled-1.jpg\" \/>\n\t<meta property=\"og:image:width\" content=\"2048\" \/>\n\t<meta property=\"og:image:height\" content=\"1153\" \/>\n\t<meta property=\"og:image:type\" content=\"image\/jpeg\" \/>\n<meta name=\"author\" content=\"Lebanese Environment Forum\" \/>\n<meta name=\"twitter:card\" content=\"summary_large_image\" \/>\n<meta name=\"twitter:creator\" content=\"@lbeforum\" \/>\n<meta name=\"twitter:site\" content=\"@lbeforum\" \/>\n<meta name=\"twitter:label1\" content=\"\u00c9crit par\" \/>\n\t<meta name=\"twitter:data1\" content=\"Lebanese Environment Forum\" \/>\n\t<meta name=\"twitter:label2\" content=\"Dur\u00e9e de lecture estim\u00e9e\" \/>\n\t<meta name=\"twitter:data2\" content=\"3 minutes\" \/>\n<script type=\"application\/ld+json\" class=\"yoast-schema-graph\">{\"@context\":\"https:\/\/schema.org\",\"@graph\":[{\"@type\":\"Article\",\"@id\":\"http:\/\/www.lbeforum.org\/fr\/preparatory-meeting-for-the-launch-of-the-national-marine-protected-areas-campaign-in-lebanon\/#article\",\"isPartOf\":{\"@id\":\"http:\/\/www.lbeforum.org\/fr\/preparatory-meeting-for-the-launch-of-the-national-marine-protected-areas-campaign-in-lebanon\/\"},\"author\":{\"name\":\"Lebanese Environment Forum\",\"@id\":\"https:\/\/www.lbeforum.org\/fr\/#\/schema\/person\/fd74d9b2e11b6f88556e5d2be448c413\"},\"headline\":\"R\u00e9union pr\u00e9paratoire pour le lancement de la campagne nationale sur les aires marines prot\u00e9g\u00e9es au Liban\",\"datePublished\":\"2022-11-01T06:30:42+00:00\",\"dateModified\":\"2025-05-31T07:03:01+00:00\",\"mainEntityOfPage\":{\"@id\":\"http:\/\/www.lbeforum.org\/fr\/preparatory-meeting-for-the-launch-of-the-national-marine-protected-areas-campaign-in-lebanon\/\"},\"wordCount\":430,\"publisher\":{\"@id\":\"https:\/\/www.lbeforum.org\/fr\/#organization\"},\"image\":{\"@id\":\"http:\/\/www.lbeforum.org\/fr\/preparatory-meeting-for-the-launch-of-the-national-marine-protected-areas-campaign-in-lebanon\/#primaryimage\"},\"thumbnailUrl\":\"http:\/\/www.lbeforum.org\/wp-content\/uploads\/2025\/05\/1-6-scaled-1.jpg\",\"articleSection\":[\"MPAs\",\"Projets et Activit\u00e9s\"],\"inLanguage\":\"fr-FR\"},{\"@type\":\"WebPage\",\"@id\":\"http:\/\/www.lbeforum.org\/fr\/preparatory-meeting-for-the-launch-of-the-national-marine-protected-areas-campaign-in-lebanon\/\",\"url\":\"http:\/\/www.lbeforum.org\/fr\/preparatory-meeting-for-the-launch-of-the-national-marine-protected-areas-campaign-in-lebanon\/\",\"name\":\"R\u00e9union pr\u00e9paratoire pour le lancement de la campagne nationale sur les aires marines prot\u00e9g\u00e9es au Liban - Lebanese Environment Forum\",\"isPartOf\":{\"@id\":\"https:\/\/www.lbeforum.org\/fr\/#website\"},\"primaryImageOfPage\":{\"@id\":\"http:\/\/www.lbeforum.org\/fr\/preparatory-meeting-for-the-launch-of-the-national-marine-protected-areas-campaign-in-lebanon\/#primaryimage\"},\"image\":{\"@id\":\"http:\/\/www.lbeforum.org\/fr\/preparatory-meeting-for-the-launch-of-the-national-marine-protected-areas-campaign-in-lebanon\/#primaryimage\"},\"thumbnailUrl\":\"http:\/\/www.lbeforum.org\/wp-content\/uploads\/2025\/05\/1-6-scaled-1.jpg\",\"datePublished\":\"2022-11-01T06:30:42+00:00\",\"dateModified\":\"2025-05-31T07:03:01+00:00\",\"breadcrumb\":{\"@id\":\"http:\/\/www.lbeforum.org\/fr\/preparatory-meeting-for-the-launch-of-the-national-marine-protected-areas-campaign-in-lebanon\/#breadcrumb\"},\"inLanguage\":\"fr-FR\",\"potentialAction\":[{\"@type\":\"ReadAction\",\"target\":[\"http:\/\/www.lbeforum.org\/fr\/preparatory-meeting-for-the-launch-of-the-national-marine-protected-areas-campaign-in-lebanon\/\"]}]},{\"@type\":\"ImageObject\",\"inLanguage\":\"fr-FR\",\"@id\":\"http:\/\/www.lbeforum.org\/fr\/preparatory-meeting-for-the-launch-of-the-national-marine-protected-areas-campaign-in-lebanon\/#primaryimage\",\"url\":\"http:\/\/www.lbeforum.org\/wp-content\/uploads\/2025\/05\/1-6-scaled-1.jpg\",\"contentUrl\":\"http:\/\/www.lbeforum.org\/wp-content\/uploads\/2025\/05\/1-6-scaled-1.jpg\",\"width\":2048,\"height\":1153},{\"@type\":\"BreadcrumbList\",\"@id\":\"http:\/\/www.lbeforum.org\/fr\/preparatory-meeting-for-the-launch-of-the-national-marine-protected-areas-campaign-in-lebanon\/#breadcrumb\",\"itemListElement\":[{\"@type\":\"ListItem\",\"position\":1,\"name\":\"Home\",\"item\":\"https:\/\/www.lbeforum.org\/fr\/\"},{\"@type\":\"ListItem\",\"position\":2,\"name\":\"R\u00e9union pr\u00e9paratoire pour le lancement de la campagne nationale sur les aires marines prot\u00e9g\u00e9es au Liban\"}]},{\"@type\":\"WebSite\",\"@id\":\"https:\/\/www.lbeforum.org\/fr\/#website\",\"url\":\"https:\/\/www.lbeforum.org\/fr\/\",\"name\":\"Lebanese Environment Forum\",\"description\":\"Uniting for a Greener Lebanon\",\"publisher\":{\"@id\":\"https:\/\/www.lbeforum.org\/fr\/#organization\"},\"potentialAction\":[{\"@type\":\"SearchAction\",\"target\":{\"@type\":\"EntryPoint\",\"urlTemplate\":\"https:\/\/www.lbeforum.org\/fr\/?s={search_term_string}\"},\"query-input\":{\"@type\":\"PropertyValueSpecification\",\"valueRequired\":true,\"valueName\":\"search_term_string\"}}],\"inLanguage\":\"fr-FR\"},{\"@type\":\"Organization\",\"@id\":\"https:\/\/www.lbeforum.org\/fr\/#organization\",\"name\":\"Lebanese Environment Forum\",\"url\":\"https:\/\/www.lbeforum.org\/fr\/\",\"logo\":{\"@type\":\"ImageObject\",\"inLanguage\":\"fr-FR\",\"@id\":\"https:\/\/www.lbeforum.org\/fr\/#\/schema\/logo\/image\/\",\"url\":\"https:\/\/www.lbeforum.org\/wp-content\/uploads\/2013\/03\/LEF-LOGO.png\",\"contentUrl\":\"https:\/\/www.lbeforum.org\/wp-content\/uploads\/2013\/03\/LEF-LOGO.png\",\"width\":150,\"height\":150,\"caption\":\"Lebanese Environment Forum\"},\"image\":{\"@id\":\"https:\/\/www.lbeforum.org\/fr\/#\/schema\/logo\/image\/\"},\"sameAs\":[\"https:\/\/www.facebook.com\/lbeforum.org\",\"https:\/\/x.com\/lbeforum\",\"https:\/\/www.linkedin.com\/in\/lbeforum\/\",\"https:\/\/www.youtube.com\/user\/lbeforum\"]},{\"@type\":\"Person\",\"@id\":\"https:\/\/www.lbeforum.org\/fr\/#\/schema\/person\/fd74d9b2e11b6f88556e5d2be448c413\",\"name\":\"Lebanese Environment Forum\",\"image\":{\"@type\":\"ImageObject\",\"inLanguage\":\"fr-FR\",\"@id\":\"https:\/\/www.lbeforum.org\/fr\/#\/schema\/person\/image\/\",\"url\":\"https:\/\/secure.gravatar.com\/avatar\/83a25a5fb8c1df49fb9bd765370ec600fc212b76371f4f514980e59cebdf134b?s=96&r=g\",\"contentUrl\":\"https:\/\/secure.gravatar.com\/avatar\/83a25a5fb8c1df49fb9bd765370ec600fc212b76371f4f514980e59cebdf134b?s=96&r=g\",\"caption\":\"Lebanese Environment Forum\"},\"sameAs\":[\"https:\/\/www.facebook.com\/lbeforum.org\",\"https:\/\/x.com\/lbeforum\",\"https:\/\/www.youtube.com\/user\/lbeforum\"],\"url\":\"http:\/\/www.lbeforum.org\/fr\/author\/admin\/\"}]}<\/script>\n<!-- \/ Yoast SEO plugin. -->","yoast_head_json":{"title":"R\u00e9union pr\u00e9paratoire pour le lancement de la campagne nationale sur les aires marines prot\u00e9g\u00e9es au Liban - Lebanese Environment Forum","robots":{"index":"index","follow":"follow","max-snippet":"max-snippet:-1","max-image-preview":"max-image-preview:large","max-video-preview":"max-video-preview:-1"},"canonical":"http:\/\/www.lbeforum.org\/fr\/preparatory-meeting-for-the-launch-of-the-national-marine-protected-areas-campaign-in-lebanon\/","og_locale":"fr_FR","og_type":"article","og_title":"R\u00e9union pr\u00e9paratoire pour le lancement de la campagne nationale sur les aires marines prot\u00e9g\u00e9es au Liban - Lebanese Environment Forum","og_description":"Dans une d\u00e9marche importante visant \u00e0 pr\u00e9server l\u2019environnement marin libanais et \u00e0 promouvoir une gouvernance environnementale participative, une r\u00e9union pr\u00e9paratoire a \u00e9t\u00e9 organis\u00e9e au si\u00e8ge du Forum Libanais pour l\u2019Environnement afin de lancer officiellement la campagne nationale pour les aires marines prot\u00e9g\u00e9es. Cet \u00e9v\u00e9nement a r\u00e9uni un large \u00e9ventail de parties prenantes, dont des repr\u00e9sentants [&hellip;]","og_url":"http:\/\/www.lbeforum.org\/fr\/preparatory-meeting-for-the-launch-of-the-national-marine-protected-areas-campaign-in-lebanon\/","og_site_name":"Lebanese Environment Forum","article_publisher":"https:\/\/www.facebook.com\/lbeforum.org","article_author":"https:\/\/www.facebook.com\/lbeforum.org","article_published_time":"2022-11-01T06:30:42+00:00","article_modified_time":"2025-05-31T07:03:01+00:00","og_image":[{"width":2048,"height":1153,"url":"http:\/\/www.lbeforum.org\/wp-content\/uploads\/2025\/05\/1-6-scaled-1.jpg","type":"image\/jpeg"}],"author":"Lebanese Environment Forum","twitter_card":"summary_large_image","twitter_creator":"@lbeforum","twitter_site":"@lbeforum","twitter_misc":{"\u00c9crit par":"Lebanese Environment Forum","Dur\u00e9e de lecture estim\u00e9e":"3 minutes"},"schema":{"@context":"https:\/\/schema.org","@graph":[{"@type":"Article","@id":"http:\/\/www.lbeforum.org\/fr\/preparatory-meeting-for-the-launch-of-the-national-marine-protected-areas-campaign-in-lebanon\/#article","isPartOf":{"@id":"http:\/\/www.lbeforum.org\/fr\/preparatory-meeting-for-the-launch-of-the-national-marine-protected-areas-campaign-in-lebanon\/"},"author":{"name":"Lebanese Environment Forum","@id":"https:\/\/www.lbeforum.org\/fr\/#\/schema\/person\/fd74d9b2e11b6f88556e5d2be448c413"},"headline":"R\u00e9union pr\u00e9paratoire pour le lancement de la campagne nationale sur les aires marines prot\u00e9g\u00e9es au Liban","datePublished":"2022-11-01T06:30:42+00:00","dateModified":"2025-05-31T07:03:01+00:00","mainEntityOfPage":{"@id":"http:\/\/www.lbeforum.org\/fr\/preparatory-meeting-for-the-launch-of-the-national-marine-protected-areas-campaign-in-lebanon\/"},"wordCount":430,"publisher":{"@id":"https:\/\/www.lbeforum.org\/fr\/#organization"},"image":{"@id":"http:\/\/www.lbeforum.org\/fr\/preparatory-meeting-for-the-launch-of-the-national-marine-protected-areas-campaign-in-lebanon\/#primaryimage"},"thumbnailUrl":"http:\/\/www.lbeforum.org\/wp-content\/uploads\/2025\/05\/1-6-scaled-1.jpg","articleSection":["MPAs","Projets et Activit\u00e9s"],"inLanguage":"fr-FR"},{"@type":"WebPage","@id":"http:\/\/www.lbeforum.org\/fr\/preparatory-meeting-for-the-launch-of-the-national-marine-protected-areas-campaign-in-lebanon\/","url":"http:\/\/www.lbeforum.org\/fr\/preparatory-meeting-for-the-launch-of-the-national-marine-protected-areas-campaign-in-lebanon\/","name":"R\u00e9union pr\u00e9paratoire pour le lancement de la campagne nationale sur les aires marines prot\u00e9g\u00e9es au Liban - Lebanese Environment Forum","isPartOf":{"@id":"https:\/\/www.lbeforum.org\/fr\/#website"},"primaryImageOfPage":{"@id":"http:\/\/www.lbeforum.org\/fr\/preparatory-meeting-for-the-launch-of-the-national-marine-protected-areas-campaign-in-lebanon\/#primaryimage"},"image":{"@id":"http:\/\/www.lbeforum.org\/fr\/preparatory-meeting-for-the-launch-of-the-national-marine-protected-areas-campaign-in-lebanon\/#primaryimage"},"thumbnailUrl":"http:\/\/www.lbeforum.org\/wp-content\/uploads\/2025\/05\/1-6-scaled-1.jpg","datePublished":"2022-11-01T06:30:42+00:00","dateModified":"2025-05-31T07:03:01+00:00","breadcrumb":{"@id":"http:\/\/www.lbeforum.org\/fr\/preparatory-meeting-for-the-launch-of-the-national-marine-protected-areas-campaign-in-lebanon\/#breadcrumb"},"inLanguage":"fr-FR","potentialAction":[{"@type":"ReadAction","target":["http:\/\/www.lbeforum.org\/fr\/preparatory-meeting-for-the-launch-of-the-national-marine-protected-areas-campaign-in-lebanon\/"]}]},{"@type":"ImageObject","inLanguage":"fr-FR","@id":"http:\/\/www.lbeforum.org\/fr\/preparatory-meeting-for-the-launch-of-the-national-marine-protected-areas-campaign-in-lebanon\/#primaryimage","url":"http:\/\/www.lbeforum.org\/wp-content\/uploads\/2025\/05\/1-6-scaled-1.jpg","contentUrl":"http:\/\/www.lbeforum.org\/wp-content\/uploads\/2025\/05\/1-6-scaled-1.jpg","width":2048,"height":1153},{"@type":"BreadcrumbList","@id":"http:\/\/www.lbeforum.org\/fr\/preparatory-meeting-for-the-launch-of-the-national-marine-protected-areas-campaign-in-lebanon\/#breadcrumb","itemListElement":[{"@type":"ListItem","position":1,"name":"Home","item":"https:\/\/www.lbeforum.org\/fr\/"},{"@type":"ListItem","position":2,"name":"R\u00e9union pr\u00e9paratoire pour le lancement de la campagne nationale sur les aires marines prot\u00e9g\u00e9es au Liban"}]},{"@type":"WebSite","@id":"https:\/\/www.lbeforum.org\/fr\/#website","url":"https:\/\/www.lbeforum.org\/fr\/","name":"Lebanese Environment Forum","description":"Uniting for a Greener Lebanon","publisher":{"@id":"https:\/\/www.lbeforum.org\/fr\/#organization"},"potentialAction":[{"@type":"SearchAction","target":{"@type":"EntryPoint","urlTemplate":"https:\/\/www.lbeforum.org\/fr\/?s={search_term_string}"},"query-input":{"@type":"PropertyValueSpecification","valueRequired":true,"valueName":"search_term_string"}}],"inLanguage":"fr-FR"},{"@type":"Organization","@id":"https:\/\/www.lbeforum.org\/fr\/#organization","name":"Lebanese Environment Forum","url":"https:\/\/www.lbeforum.org\/fr\/","logo":{"@type":"ImageObject","inLanguage":"fr-FR","@id":"https:\/\/www.lbeforum.org\/fr\/#\/schema\/logo\/image\/","url":"https:\/\/www.lbeforum.org\/wp-content\/uploads\/2013\/03\/LEF-LOGO.png","contentUrl":"https:\/\/www.lbeforum.org\/wp-content\/uploads\/2013\/03\/LEF-LOGO.png","width":150,"height":150,"caption":"Lebanese Environment Forum"},"image":{"@id":"https:\/\/www.lbeforum.org\/fr\/#\/schema\/logo\/image\/"},"sameAs":["https:\/\/www.facebook.com\/lbeforum.org","https:\/\/x.com\/lbeforum","https:\/\/www.linkedin.com\/in\/lbeforum\/","https:\/\/www.youtube.com\/user\/lbeforum"]},{"@type":"Person","@id":"https:\/\/www.lbeforum.org\/fr\/#\/schema\/person\/fd74d9b2e11b6f88556e5d2be448c413","name":"Lebanese Environment Forum","image":{"@type":"ImageObject","inLanguage":"fr-FR","@id":"https:\/\/www.lbeforum.org\/fr\/#\/schema\/person\/image\/","url":"https:\/\/secure.gravatar.com\/avatar\/83a25a5fb8c1df49fb9bd765370ec600fc212b76371f4f514980e59cebdf134b?s=96&r=g","contentUrl":"https:\/\/secure.gravatar.com\/avatar\/83a25a5fb8c1df49fb9bd765370ec600fc212b76371f4f514980e59cebdf134b?s=96&r=g","caption":"Lebanese Environment Forum"},"sameAs":["https:\/\/www.facebook.com\/lbeforum.org","https:\/\/x.com\/lbeforum","https:\/\/www.youtube.com\/user\/lbeforum"],"url":"http:\/\/www.lbeforum.org\/fr\/author\/admin\/"}]}},"_links":{"self":[{"href":"http:\/\/www.lbeforum.org\/fr\/wp-json\/wp\/v2\/posts\/2145","targetHints":{"allow":["GET"]}}],"collection":[{"href":"http:\/\/www.lbeforum.org\/fr\/wp-json\/wp\/v2\/posts"}],"about":[{"href":"http:\/\/www.lbeforum.org\/fr\/wp-json\/wp\/v2\/types\/post"}],"author":[{"embeddable":true,"href":"http:\/\/www.lbeforum.org\/fr\/wp-json\/wp\/v2\/users\/1"}],"replies":[{"embeddable":true,"href":"http:\/\/www.lbeforum.org\/fr\/wp-json\/wp\/v2\/comments?post=2145"}],"version-history":[{"count":1,"href":"http:\/\/www.lbeforum.org\/fr\/wp-json\/wp\/v2\/posts\/2145\/revisions"}],"predecessor-version":[{"id":2146,"href":"http:\/\/www.lbeforum.org\/fr\/wp-json\/wp\/v2\/posts\/2145\/revisions\/2146"}],"wp:featuredmedia":[{"embeddable":true,"href":"http:\/\/www.lbeforum.org\/fr\/wp-json\/wp\/v2\/media\/2130"}],"wp:attachment":[{"href":"http:\/\/www.lbeforum.org\/fr\/wp-json\/wp\/v2\/media?parent=2145"}],"wp:term":[{"taxonomy":"category","embeddable":true,"href":"http:\/\/www.lbeforum.org\/fr\/wp-json\/wp\/v2\/categories?post=2145"},{"taxonomy":"post_tag","embeddable":true,"href":"http:\/\/www.lbeforum.org\/fr\/wp-json\/wp\/v2\/tags?post=2145"}],"curies":[{"name":"wp","href":"https:\/\/api.w.org\/{rel}","templated":true}]}}